{"id":10408,"date":"2020-02-20T07:26:48","date_gmt":"2020-02-20T10:26:48","guid":{"rendered":"http:\/\/4cantosalagoas.com.br\/portal\/?p=10408"},"modified":"2020-02-20T07:26:57","modified_gmt":"2020-02-20T10:26:57","slug":"maceio-carreta-cultural-do-pinto-da-madrugada-vai-agitar-o-carnaval","status":"publish","type":"post","link":"https:\/\/4cantosalagoas.com.br\/portal\/maceio-carreta-cultural-do-pinto-da-madrugada-vai-agitar-o-carnaval\/","title":{"rendered":"Macei\u00f3: carreta cultural do Pinto da Madrugada vai agitar o Carnaval"},"content":{"rendered":"\n<figure class=\"wp-block-image\"><img fetchpriority=\"high\" decoding=\"async\" width=\"1024\" height=\"683\" src=\"https:\/\/i2.wp.com\/4cantosalagoas.com.br\/portal\/wp-content\/uploads\/2020\/02\/poiii.jpg?fit=1024%2C683\" alt=\"\" class=\"wp-image-10409\" srcset=\"https:\/\/4cantosalagoas.com.br\/portal\/wp-content\/uploads\/2020\/02\/poiii.jpg 1024w, https:\/\/4cantosalagoas.com.br\/portal\/wp-content\/uploads\/2020\/02\/poiii-300x200.jpg 300w, https:\/\/4cantosalagoas.com.br\/portal\/wp-content\/uploads\/2020\/02\/poiii-768x512.jpg 768w\" sizes=\"(max-width: 1024px) 100vw, 1024px\" \/><figcaption> <br>A Prefeitura de Macei\u00f3 est\u00e1 presente nas manifesta\u00e7\u00f5es populares da cidade.\u00a0Foto: Pei Fon\/ Secom Macei\u00f3 <\/figcaption><\/figure>\n\n\n\n<p>A Prefeitura de Macei\u00f3, por meio da Funda\u00e7\u00e3o Municipal de A\u00e7\u00e3o Cultural (Fmac) e do tradicional bloco Pinto da Madrugada, trazem para o Carnaval deste ano a Carreta Cultural do Pinto. Em uma a\u00e7\u00e3o in\u00e9dita, o bloco participar\u00e1 intensamente das a\u00e7\u00f5es durante a festa na capital.<\/p>\n\n\n\n<p>Na sexta-feira (21), o bloco participa da abertura do Carnaval, no Polo do Jaragu\u00e1, a partir das 18h. De s\u00e1bado a ter\u00e7a, das 10h \u00e0s 14h, o Pinto da Madrugada estar\u00e1 na orla, fazendo o circuito dos 7 Coqueiros at\u00e9 a Pra\u00e7a Gog\u00f3 da Ema.<\/p>\n\n\n\n<p>Hermann Braga, diretor do bloco, explica que a ideia \u00e9 que os maceioenses e turistas possam acompanhar o Pinto com seus blocos fazendo algo parecido com o que se v\u00ea no s\u00e1bado de pr\u00e9vias carnavalescas.&nbsp;\u201cEssa parceria veio com a inten\u00e7\u00e3o de mostrar que Macei\u00f3 tem sim carnaval. A gente quer incentivar \u00e0s pessoas que levem seus carrinhos de bebida e que possam ir fantasiadas. Vai ser novamente uma forma das pessoas brincarem. Al\u00e9m disso, a Carreta Cultural vai percorrer todos os p\u00f3los da Prefeitura com nosso mascote, nosso estandarte e nossos passistas. Vai ter Pinto no Carnaval todo\u201d, comentou.<\/p>\n\n\n\n<p>Segundo Vin\u00edcius Palmeira, presidente da Fmac, esse \u00e9 um movimento novo que semeia ainda mais o fortalecimento do Carnaval em Macei\u00f3. \u201cTeremos oito polos distribu\u00eddos pelos bairros da cidade. Esses locais j\u00e1 est\u00e3o preparados e contam com uma estrutura para funcionar. Agora, teremos um plus. Uma Carreata que vai trazer o Rei Momo, os passistas e percorrer os polos e levando mais alegria\u201d, afirmou.<\/p>\n\n\n\n<p>Sarah Mendes\/ Secom Macei\u00f3<\/p>\n","protected":false},"excerpt":{"rendered":"<p>A Prefeitura de Macei\u00f3, por meio da Funda\u00e7\u00e3o Municipal de A\u00e7\u00e3o Cultural (Fmac) e do tradicional bloco<\/p>\n","protected":false},"author":1,"featured_media":10409,"comment_status":"open","ping_status":"open","sticky":false,"template":"","format":"standard","meta":{"footnotes":""},"categories":[60],"tags":[],"class_list":["post-10408","post","type-post","status-publish","format-standard","has-post-thumbnail","hentry","category-capa"],"_links":{"self":[{"href":"https:\/\/4cantosalagoas.com.br\/portal\/wp-json\/wp\/v2\/posts\/10408","targetHints":{"allow":["GET"]}}],"collection":[{"href":"https:\/\/4cantosalagoas.com.br\/portal\/wp-json\/wp\/v2\/posts"}],"about":[{"href":"https:\/\/4cantosalagoas.com.br\/portal\/wp-json\/wp\/v2\/types\/post"}],"author":[{"embeddable":true,"href":"https:\/\/4cantosalagoas.com.br\/portal\/wp-json\/wp\/v2\/users\/1"}],"replies":[{"embeddable":true,"href":"https:\/\/4cantosalagoas.com.br\/portal\/wp-json\/wp\/v2\/comments?post=10408"}],"version-history":[{"count":1,"href":"https:\/\/4cantosalagoas.com.br\/portal\/wp-json\/wp\/v2\/posts\/10408\/revisions"}],"predecessor-version":[{"id":10410,"href":"https:\/\/4cantosalagoas.com.br\/portal\/wp-json\/wp\/v2\/posts\/10408\/revisions\/10410"}],"wp:featuredmedia":[{"embeddable":true,"href":"https:\/\/4cantosalagoas.com.br\/portal\/wp-json\/wp\/v2\/media\/10409"}],"wp:attachment":[{"href":"https:\/\/4cantosalagoas.com.br\/portal\/wp-json\/wp\/v2\/media?parent=10408"}],"wp:term":[{"taxonomy":"category","embeddable":true,"href":"https:\/\/4cantosalagoas.com.br\/portal\/wp-json\/wp\/v2\/categories?post=10408"},{"taxonomy":"post_tag","embeddable":true,"href":"https:\/\/4cantosalagoas.com.br\/portal\/wp-json\/wp\/v2\/tags?post=10408"}],"curies":[{"name":"wp","href":"https:\/\/api.w.org\/{rel}","templated":true}]}}