{"id":10294,"date":"2020-02-06T07:52:31","date_gmt":"2020-02-06T10:52:31","guid":{"rendered":"http:\/\/4cantosalagoas.com.br\/portal\/?p=10294"},"modified":"2020-02-06T07:52:41","modified_gmt":"2020-02-06T10:52:41","slug":"matricula-de-vagas-remanescentes-acontece-ate-sexta-feira-7-nas-escola-da-rede-estadual","status":"publish","type":"post","link":"https:\/\/4cantosalagoas.com.br\/portal\/matricula-de-vagas-remanescentes-acontece-ate-sexta-feira-7-nas-escola-da-rede-estadual\/","title":{"rendered":"Matr\u00edcula de vagas remanescentes acontece at\u00e9 sexta-feira (7) nas escola da rede estadual"},"content":{"rendered":"\n<figure class=\"wp-block-image\"><img fetchpriority=\"high\" decoding=\"async\" width=\"600\" height=\"400\" src=\"http:\/\/4cantosalagoas.com.br\/portal\/wp-content\/uploads\/2020\/02\/cada.jpg\" alt=\"\" class=\"wp-image-10295\" srcset=\"https:\/\/4cantosalagoas.com.br\/portal\/wp-content\/uploads\/2020\/02\/cada.jpg 600w, https:\/\/4cantosalagoas.com.br\/portal\/wp-content\/uploads\/2020\/02\/cada-300x200.jpg 300w\" sizes=\"(max-width: 600px) 100vw, 600px\" \/><figcaption> <br>A entrega da documenta\u00e7\u00e3o deve ser feita nas escolas<em>Thiago Henrique<\/em> <\/figcaption><\/figure>\n\n\n\n<p>At\u00e9 sexta-feira (7), a Secretaria de Estado da Educa\u00e7\u00e3o (Seduc) promover\u00e1 as matr\u00edculas para vagas remanescentes da rede estadual de ensino. A lista das escolas se encontra dispon\u00edvel no site&nbsp;<a href=\"http:\/\/www.educacao.al.gov.br\/\" target=\"_blank\" rel=\"noreferrer noopener\">www.educacao.al.gov.br<\/a>, no link Avisos.&nbsp; &nbsp;<\/p>\n\n\n\n<p>O procedimento deve ser feito, de forma presencial, nas institui\u00e7\u00f5es de ensino e \u00e9 v\u00e1lido tanto para os estudantes que fizeram a pr\u00e9-matr\u00edcula online, mas n\u00e3o foram selecionados para nenhuma escola, como para aqueles que perderam o prazo inicial e n\u00e3o acessaram o sistema anteriormente.<\/p>\n\n\n\n<p><strong>Na ocasi\u00e3o, o interessado deve apresentar a seguinte documenta\u00e7\u00e3o na escola:<\/strong><\/p>\n\n\n\n<p>&#8211; Comprovante impresso de resultado da pr\u00e9-matr\u00edcula do Sistema (<a href=\"https:\/\/www.sageal.caedufjf.net\/\" target=\"_blank\" rel=\"noreferrer noopener\">https:\/\/www.sageal.caedufjf.net\/<\/a>);<\/p>\n\n\n\n<p>&#8211; Certid\u00e3o de Nascimento\/Casamento ou RG (original e c\u00f3pia);<\/p>\n\n\n\n<p>&#8211; CPF do estudante (original e c\u00f3pia);<\/p>\n\n\n\n<p>&#8211; Hist\u00f3rico Escolar (original) ou Declara\u00e7\u00e3o de Conclus\u00e3o \/Transfer\u00eancia(original) da \u00faltimaUnidade de Ensino em que estudou, emitida num prazo m\u00e1ximo de 30 (trinta) dias;<\/p>\n\n\n\n<p>&#8211; RG e CPF (original e c\u00f3pia) do respons\u00e1vel legal, no caso de candidato(a) menor de 18 anos;<\/p>\n\n\n\n<p>&#8211; Laudo comprobat\u00f3rio de defici\u00eancias declaradas (se for o caso);<\/p>\n\n\n\n<p>&#8211; Comprovante de resid\u00eancia atualizado (original e c\u00f3pia da conta de energia com o c\u00f3digo e CEP);<\/p>\n\n\n\n<p>&#8211; 02 fotos 3&#215;4;<\/p>\n\n\n\n<p>&#8211; Cart\u00e3o de vacina\u00e7\u00e3o atualizado, para os estudantes do 1\u00ba ao 5\u00ba ano;<\/p>\n\n\n\n<p>&#8211; Parecer descritivo individual sobre o desenvolvimento afetivo, psicomotor e cognitivo dos estudantes do 1\u00ba ao 5\u00ba ano do Ensino Fundamental;<\/p>\n\n\n\n<p>&#8211; Cart\u00e3o do Programa Bolsa Fam\u00edlia com o n\u00famero do NIS (original e c\u00f3pia), caso o candidato seja benefici\u00e1rio;<\/p>\n\n\n\n<p>&#8211; Cart\u00e3o do Sistema \u00danico de Sa\u00fade \u2013SUS (original e c\u00f3pia);<\/p>\n\n\n\n<p>&#8211; Hist\u00f3rico M\u00e9dico Escolar;<\/p>\n\n\n\n<p>-Termo de ci\u00eancia do cumprimento do hor\u00e1rio de funcionamento da escola que oferta Ensino Integral matutino e vespertino, assinado pelo estudante ou seu respons\u00e1vel legal;<\/p>\n\n\n\n<p>-Termo de autoriza\u00e7\u00e3o do uso da imagem assinado pelos pais\/respons\u00e1veis (para estudante menor de 18 anos).\u00a0<\/p>\n\n\n\n<p>Assessoria<\/p>\n","protected":false},"excerpt":{"rendered":"<p>At\u00e9 sexta-feira (7), a Secretaria de Estado da Educa\u00e7\u00e3o (Seduc) promover\u00e1 as matr\u00edculas para vagas remanescentes da<\/p>\n","protected":false},"author":1,"featured_media":10295,"comment_status":"open","ping_status":"open","sticky":false,"template":"","format":"standard","meta":{"footnotes":""},"categories":[60],"tags":[],"class_list":["post-10294","post","type-post","status-publish","format-standard","has-post-thumbnail","hentry","category-capa"],"_links":{"self":[{"href":"https:\/\/4cantosalagoas.com.br\/portal\/wp-json\/wp\/v2\/posts\/10294","targetHints":{"allow":["GET"]}}],"collection":[{"href":"https:\/\/4cantosalagoas.com.br\/portal\/wp-json\/wp\/v2\/posts"}],"about":[{"href":"https:\/\/4cantosalagoas.com.br\/portal\/wp-json\/wp\/v2\/types\/post"}],"author":[{"embeddable":true,"href":"https:\/\/4cantosalagoas.com.br\/portal\/wp-json\/wp\/v2\/users\/1"}],"replies":[{"embeddable":true,"href":"https:\/\/4cantosalagoas.com.br\/portal\/wp-json\/wp\/v2\/comments?post=10294"}],"version-history":[{"count":1,"href":"https:\/\/4cantosalagoas.com.br\/portal\/wp-json\/wp\/v2\/posts\/10294\/revisions"}],"predecessor-version":[{"id":10296,"href":"https:\/\/4cantosalagoas.com.br\/portal\/wp-json\/wp\/v2\/posts\/10294\/revisions\/10296"}],"wp:featuredmedia":[{"embeddable":true,"href":"https:\/\/4cantosalagoas.com.br\/portal\/wp-json\/wp\/v2\/media\/10295"}],"wp:attachment":[{"href":"https:\/\/4cantosalagoas.com.br\/portal\/wp-json\/wp\/v2\/media?parent=10294"}],"wp:term":[{"taxonomy":"category","embeddable":true,"href":"https:\/\/4cantosalagoas.com.br\/portal\/wp-json\/wp\/v2\/categories?post=10294"},{"taxonomy":"post_tag","embeddable":true,"href":"https:\/\/4cantosalagoas.com.br\/portal\/wp-json\/wp\/v2\/tags?post=10294"}],"curies":[{"name":"wp","href":"https:\/\/api.w.org\/{rel}","templated":true}]}}