{"id":10243,"date":"2020-02-03T07:44:46","date_gmt":"2020-02-03T10:44:46","guid":{"rendered":"http:\/\/4cantosalagoas.com.br\/portal\/?p=10243"},"modified":"2020-02-03T07:44:54","modified_gmt":"2020-02-03T10:44:54","slug":"jovem-de-22-anos-e-brutalmente-assassinado-a-golpes-de-facao-em-teotonio-vilela","status":"publish","type":"post","link":"https:\/\/4cantosalagoas.com.br\/portal\/jovem-de-22-anos-e-brutalmente-assassinado-a-golpes-de-facao-em-teotonio-vilela\/","title":{"rendered":"Jovem de 22 anos \u00e9 brutalmente assassinado a golpes de fac\u00e3o em Teot\u00f4nio Vilela"},"content":{"rendered":"\n<figure class=\"wp-block-image\"><img fetchpriority=\"high\" decoding=\"async\" width=\"825\" height=\"577\" src=\"http:\/\/4cantosalagoas.com.br\/portal\/wp-content\/uploads\/2020\/02\/abababa.jpg\" alt=\"\" class=\"wp-image-10244\" srcset=\"https:\/\/4cantosalagoas.com.br\/portal\/wp-content\/uploads\/2020\/02\/abababa.jpg 825w, https:\/\/4cantosalagoas.com.br\/portal\/wp-content\/uploads\/2020\/02\/abababa-300x210.jpg 300w, https:\/\/4cantosalagoas.com.br\/portal\/wp-content\/uploads\/2020\/02\/abababa-768x537.jpg 768w\" sizes=\"(max-width: 825px) 100vw, 825px\" \/><figcaption> <br>Imagens Cortesia ao AlagoasWeb <\/figcaption><\/figure>\n\n\n\n<p>Depois de uma farra, que durante a noite de ontem e madrugada deste domingo (02), segundo informa\u00e7\u00f5es de testemunhas, um jovem foi morto nas primeiras horas do dia no conjunto habitacional Mutir\u00e3o, em Teot\u00f4nio Vilela.<\/p>\n\n\n\n<p>Tiago Vieira da Silva, de 22 anos, bebia com um grupo de pessoas e, supostamente, ap\u00f3s uma discuss\u00e3o com um dos participantes do encontro, foi morto a golpes de fac\u00e3o. A v\u00edtima foi agredida brutalmente na regi\u00e3o da cabe\u00e7a e teve o cr\u00e2nio esfacelado.<\/p>\n\n\n\n<p>O autor do crime conseguiu fugir antes da chegada da Guarda Civil Municipal (GCM), que est\u00e1 no local e isolou a \u00e1rea do homic\u00eddio. Tr\u00eas armas, usadas para matar a v\u00edtima, foram deixadas no local.<\/p>\n\n\n\n<p>A GCM informou o crime a Pol\u00edcia Civil, que deve acionar a per\u00edcia do Instituto de Criminal\u00edstica (IC). O corpo deve ser recolhido para o IML de Arapiraca.<\/p>\n\n\n\n<p>Alagoasweb<\/p>\n","protected":false},"excerpt":{"rendered":"<p>Depois de uma farra, que durante a noite de ontem e madrugada deste domingo (02), segundo informa\u00e7\u00f5es<\/p>\n","protected":false},"author":1,"featured_media":10244,"comment_status":"open","ping_status":"open","sticky":false,"template":"","format":"standard","meta":{"footnotes":""},"categories":[60],"tags":[],"class_list":["post-10243","post","type-post","status-publish","format-standard","has-post-thumbnail","hentry","category-capa"],"_links":{"self":[{"href":"https:\/\/4cantosalagoas.com.br\/portal\/wp-json\/wp\/v2\/posts\/10243","targetHints":{"allow":["GET"]}}],"collection":[{"href":"https:\/\/4cantosalagoas.com.br\/portal\/wp-json\/wp\/v2\/posts"}],"about":[{"href":"https:\/\/4cantosalagoas.com.br\/portal\/wp-json\/wp\/v2\/types\/post"}],"author":[{"embeddable":true,"href":"https:\/\/4cantosalagoas.com.br\/portal\/wp-json\/wp\/v2\/users\/1"}],"replies":[{"embeddable":true,"href":"https:\/\/4cantosalagoas.com.br\/portal\/wp-json\/wp\/v2\/comments?post=10243"}],"version-history":[{"count":1,"href":"https:\/\/4cantosalagoas.com.br\/portal\/wp-json\/wp\/v2\/posts\/10243\/revisions"}],"predecessor-version":[{"id":10245,"href":"https:\/\/4cantosalagoas.com.br\/portal\/wp-json\/wp\/v2\/posts\/10243\/revisions\/10245"}],"wp:featuredmedia":[{"embeddable":true,"href":"https:\/\/4cantosalagoas.com.br\/portal\/wp-json\/wp\/v2\/media\/10244"}],"wp:attachment":[{"href":"https:\/\/4cantosalagoas.com.br\/portal\/wp-json\/wp\/v2\/media?parent=10243"}],"wp:term":[{"taxonomy":"category","embeddable":true,"href":"https:\/\/4cantosalagoas.com.br\/portal\/wp-json\/wp\/v2\/categories?post=10243"},{"taxonomy":"post_tag","embeddable":true,"href":"https:\/\/4cantosalagoas.com.br\/portal\/wp-json\/wp\/v2\/tags?post=10243"}],"curies":[{"name":"wp","href":"https:\/\/api.w.org\/{rel}","templated":true}]}}