{"id":10217,"date":"2020-01-30T07:32:16","date_gmt":"2020-01-30T10:32:16","guid":{"rendered":"http:\/\/4cantosalagoas.com.br\/portal\/?p=10217"},"modified":"2020-01-30T07:32:25","modified_gmt":"2020-01-30T10:32:25","slug":"transito-sofre-mudancas-na-regiao-do-polo-multisetorial-no-tabuleiro-neste-sabado-1o","status":"publish","type":"post","link":"https:\/\/4cantosalagoas.com.br\/portal\/transito-sofre-mudancas-na-regiao-do-polo-multisetorial-no-tabuleiro-neste-sabado-1o\/","title":{"rendered":"Tr\u00e2nsito sofre mudan\u00e7as na regi\u00e3o do Polo Multisetorial, no Tabuleiro, neste s\u00e1bado (1\u00ba)"},"content":{"rendered":"\n<figure class=\"wp-block-image\"><img fetchpriority=\"high\" decoding=\"async\" width=\"600\" height=\"507\" src=\"http:\/\/4cantosalagoas.com.br\/portal\/wp-content\/uploads\/2020\/01\/b3.jpg\" alt=\"\" class=\"wp-image-10218\" srcset=\"https:\/\/4cantosalagoas.com.br\/portal\/wp-content\/uploads\/2020\/01\/b3.jpg 600w, https:\/\/4cantosalagoas.com.br\/portal\/wp-content\/uploads\/2020\/01\/b3-300x254.jpg 300w\" sizes=\"(max-width: 600px) 100vw, 600px\" \/><figcaption> <br>Altera\u00e7\u00e3o, que deve durar cerca de quinze dias, \u00e9 necess\u00e1ria para que sejam realizados servi\u00e7os de drenagem no local<em>Divulga\u00e7\u00e3o<\/em> <\/figcaption><\/figure>\n\n\n\n<p>Em mais uma etapa da constru\u00e7\u00e3o do viaduto da Pol\u00edcia Rodovi\u00e1ria Federal (PRF), a Secretaria de Transporte e Desenvolvimento Urbano (Setrand) vai alterar o tr\u00e2nsito nas imedia\u00e7\u00f5es do Polo Multisetorial de Macei\u00f3, na Avenida Durval de G\u00f3es Monteiro, no Tabuleiro do Martins. A mudan\u00e7a acontecer\u00e1 a partir do pr\u00f3ximo s\u00e1bado (1\u00ba).<\/p>\n\n\n\n<p>A Avenida Governador Lu\u00eds Cavalcante, entrada principal do polo, ser\u00e1 interditada para que sejam feitos servi\u00e7os de drenagem no local. A Rua Romeu de Avelar passar\u00e1 a ser, durante o per\u00edodo de interdi\u00e7\u00e3o, a principal&nbsp;via de acesso ao polo por parte dos motoristas de ve\u00edculos de pequeno porte que trafegam pela Durval de G\u00f3es Monteiro. \u00d4nibus e caminh\u00f5es dever\u00e3o seguir at\u00e9 a rotat\u00f3ria e acessar o polo pela entrada principal da Avenida Menino Marcelo.<\/p>\n\n\n\n<p>A mudan\u00e7a deve durar aproximadamente quinze dias. As imedia\u00e7\u00f5es estar\u00e3o sinalizadas de modo a informar ao condutor as possibilidades de tr\u00e1fego. Agentes de tr\u00e2nsito da Superintend\u00eancia Municipal de Transportes e Tr\u00e2nsito (SMTT) tamb\u00e9m estar\u00e3o presentes no local.<\/p>\n\n\n\n<p>Assessoria<\/p>\n","protected":false},"excerpt":{"rendered":"<p>Em mais uma etapa da constru\u00e7\u00e3o do viaduto da Pol\u00edcia Rodovi\u00e1ria Federal (PRF), a Secretaria de Transporte<\/p>\n","protected":false},"author":1,"featured_media":10218,"comment_status":"open","ping_status":"open","sticky":false,"template":"","format":"standard","meta":{"footnotes":""},"categories":[60],"tags":[],"class_list":["post-10217","post","type-post","status-publish","format-standard","has-post-thumbnail","hentry","category-capa"],"_links":{"self":[{"href":"https:\/\/4cantosalagoas.com.br\/portal\/wp-json\/wp\/v2\/posts\/10217","targetHints":{"allow":["GET"]}}],"collection":[{"href":"https:\/\/4cantosalagoas.com.br\/portal\/wp-json\/wp\/v2\/posts"}],"about":[{"href":"https:\/\/4cantosalagoas.com.br\/portal\/wp-json\/wp\/v2\/types\/post"}],"author":[{"embeddable":true,"href":"https:\/\/4cantosalagoas.com.br\/portal\/wp-json\/wp\/v2\/users\/1"}],"replies":[{"embeddable":true,"href":"https:\/\/4cantosalagoas.com.br\/portal\/wp-json\/wp\/v2\/comments?post=10217"}],"version-history":[{"count":1,"href":"https:\/\/4cantosalagoas.com.br\/portal\/wp-json\/wp\/v2\/posts\/10217\/revisions"}],"predecessor-version":[{"id":10219,"href":"https:\/\/4cantosalagoas.com.br\/portal\/wp-json\/wp\/v2\/posts\/10217\/revisions\/10219"}],"wp:featuredmedia":[{"embeddable":true,"href":"https:\/\/4cantosalagoas.com.br\/portal\/wp-json\/wp\/v2\/media\/10218"}],"wp:attachment":[{"href":"https:\/\/4cantosalagoas.com.br\/portal\/wp-json\/wp\/v2\/media?parent=10217"}],"wp:term":[{"taxonomy":"category","embeddable":true,"href":"https:\/\/4cantosalagoas.com.br\/portal\/wp-json\/wp\/v2\/categories?post=10217"},{"taxonomy":"post_tag","embeddable":true,"href":"https:\/\/4cantosalagoas.com.br\/portal\/wp-json\/wp\/v2\/tags?post=10217"}],"curies":[{"name":"wp","href":"https:\/\/api.w.org\/{rel}","templated":true}]}}