{"id":10202,"date":"2020-01-29T12:14:11","date_gmt":"2020-01-29T15:14:11","guid":{"rendered":"http:\/\/4cantosalagoas.com.br\/portal\/?p=10202"},"modified":"2020-01-29T12:14:21","modified_gmt":"2020-01-29T15:14:21","slug":"parque-do-horto-tera-trilha-especial-do-pinto-da-madrugada","status":"publish","type":"post","link":"https:\/\/4cantosalagoas.com.br\/portal\/parque-do-horto-tera-trilha-especial-do-pinto-da-madrugada\/","title":{"rendered":"Parque do Horto ter\u00e1 trilha especial do Pinto da Madrugada"},"content":{"rendered":"\n<figure class=\"wp-block-image\"><img fetchpriority=\"high\" decoding=\"async\" width=\"1080\" height=\"1280\" src=\"https:\/\/i0.wp.com\/4cantosalagoas.com.br\/portal\/wp-content\/uploads\/2020\/01\/a16.jpeg?fit=864%2C1024\" alt=\"\" class=\"wp-image-10203\" srcset=\"https:\/\/4cantosalagoas.com.br\/portal\/wp-content\/uploads\/2020\/01\/a16.jpeg 1080w, https:\/\/4cantosalagoas.com.br\/portal\/wp-content\/uploads\/2020\/01\/a16-253x300.jpeg 253w, https:\/\/4cantosalagoas.com.br\/portal\/wp-content\/uploads\/2020\/01\/a16-768x910.jpeg 768w, https:\/\/4cantosalagoas.com.br\/portal\/wp-content\/uploads\/2020\/01\/a16-864x1024.jpeg 864w\" sizes=\"(max-width: 1080px) 100vw, 1080px\" \/><figcaption> <br>Trilha do Pintinho Pula que Pula acontece neste s\u00e1bado, dia 1\u00ba, no Parque do Horto <\/figcaption><\/figure>\n\n\n\n<p>O m\u00eas de fevereiro tem in\u00edcio neste final de semana e j\u00e1 chega em clima de carnaval com muito frevo e alegria. Seguindo a tradi\u00e7\u00e3o das pr\u00e9vias, o Parque do Horto entra no ritmo da festa e pelo segundo ano consecutivo receber\u00e1 o p\u00fablico com uma programa\u00e7\u00e3o especial no pr\u00f3ximo s\u00e1bado, dia 1\u00ba: a Trilha Ecol\u00f3gica do Pintinho Pula que Pula. A programa\u00e7\u00e3o faz parte do calend\u00e1rio oficial de eventos do Pinto da Madruga, realizada gratuitamente, e tem in\u00edcio \u00e0s 09h.<\/p>\n\n\n\n<p>A programa\u00e7\u00e3o foi alinhada pela Superintend\u00eancia Municipal de Desenvolvimento Sustent\u00e1vel (Sudes), que, na Prefeitura, \u00e9 o \u00f3rg\u00e3o respons\u00e1vel pela administra\u00e7\u00e3o do Parque do Horto em conjunto com a Superintend\u00eancia do Ibama em Alagoas. Al\u00e9m da trilha com as crian\u00e7as fantasiadas, haver\u00e1 tamb\u00e9m o Festival de Bolhas Gigantes em parceria com a Cia Fenomenal. A atividade consiste na produ\u00e7\u00e3o de bolhas com sab\u00e3o neutro e linha\u00e7a. Durante a programa\u00e7\u00e3o, a Cia Fenomenal disponibilizar\u00e1 kits em custo acess\u00edvel para a produ\u00e7\u00e3o de bolhas para crian\u00e7as.<\/p>\n\n\n\n<figure class=\"wp-block-image\"><img decoding=\"async\" src=\"http:\/\/www.maceio.al.gov.br\/wp-content\/uploads\/2020\/01\/jpeg\/2020\/01\/WhatsApp-Image-2020-01-28-at-12.56.41-1024x682.jpeg\" alt=\"\" class=\"wp-image-347708\"\/><\/figure>\n\n\n\n<p>Oficina de bolhas gigantes ser\u00e1 realizada pela Cia Fenomenal<\/p>\n\n\n\n<p>A orienta\u00e7\u00e3o \u00e9 para que as crian\u00e7as participem da atividade acompanhadas dos pais ou respons\u00e1veis, al\u00e9m de utilizarem protetor solar e repelente. Seguindo as normas da reserva ambiental, \u00e9 proibida a utiliza\u00e7\u00e3o de som, confetes, serpentinas, espumas ou qualquer outro produto semelhante. Ap\u00f3s a trilha, o Parque do Horto permanece aberto ao p\u00fablico, at\u00e9 \u00e0s 16 horas.<\/p>\n\n\n\n<p>Servi\u00e7o<\/p>\n\n\n\n<p>O qu\u00ea: Trilha Ecol\u00f3gica do Pintinho Pula que Pula<\/p>\n\n\n\n<p>Quando: S\u00e1bado, dia 1\u00ba de fevereiro<\/p>\n\n\n\n<p>Hor\u00e1rio: 09 horas<\/p>\n\n\n\n<p>Onde: no Parque do Horto \u2013 Avenida Fernandes Lima, no bairro Gruta de Lourde, na sede do Ibama<\/p>\n\n\n\n<p>Lucas Alc\u00e2ntara\/ Ascom Sudes<\/p>\n","protected":false},"excerpt":{"rendered":"<p>O m\u00eas de fevereiro tem in\u00edcio neste final de semana e j\u00e1 chega em clima de carnaval<\/p>\n","protected":false},"author":1,"featured_media":10203,"comment_status":"open","ping_status":"open","sticky":false,"template":"","format":"standard","meta":{"footnotes":""},"categories":[60],"tags":[],"class_list":["post-10202","post","type-post","status-publish","format-standard","has-post-thumbnail","hentry","category-capa"],"_links":{"self":[{"href":"https:\/\/4cantosalagoas.com.br\/portal\/wp-json\/wp\/v2\/posts\/10202","targetHints":{"allow":["GET"]}}],"collection":[{"href":"https:\/\/4cantosalagoas.com.br\/portal\/wp-json\/wp\/v2\/posts"}],"about":[{"href":"https:\/\/4cantosalagoas.com.br\/portal\/wp-json\/wp\/v2\/types\/post"}],"author":[{"embeddable":true,"href":"https:\/\/4cantosalagoas.com.br\/portal\/wp-json\/wp\/v2\/users\/1"}],"replies":[{"embeddable":true,"href":"https:\/\/4cantosalagoas.com.br\/portal\/wp-json\/wp\/v2\/comments?post=10202"}],"version-history":[{"count":1,"href":"https:\/\/4cantosalagoas.com.br\/portal\/wp-json\/wp\/v2\/posts\/10202\/revisions"}],"predecessor-version":[{"id":10204,"href":"https:\/\/4cantosalagoas.com.br\/portal\/wp-json\/wp\/v2\/posts\/10202\/revisions\/10204"}],"wp:featuredmedia":[{"embeddable":true,"href":"https:\/\/4cantosalagoas.com.br\/portal\/wp-json\/wp\/v2\/media\/10203"}],"wp:attachment":[{"href":"https:\/\/4cantosalagoas.com.br\/portal\/wp-json\/wp\/v2\/media?parent=10202"}],"wp:term":[{"taxonomy":"category","embeddable":true,"href":"https:\/\/4cantosalagoas.com.br\/portal\/wp-json\/wp\/v2\/categories?post=10202"},{"taxonomy":"post_tag","embeddable":true,"href":"https:\/\/4cantosalagoas.com.br\/portal\/wp-json\/wp\/v2\/tags?post=10202"}],"curies":[{"name":"wp","href":"https:\/\/api.w.org\/{rel}","templated":true}]}}