{"id":10199,"date":"2020-01-29T12:09:38","date_gmt":"2020-01-29T15:09:38","guid":{"rendered":"http:\/\/4cantosalagoas.com.br\/portal\/?p=10199"},"modified":"2020-01-29T12:09:48","modified_gmt":"2020-01-29T15:09:48","slug":"longa-metragem-cavalo-estreia-neste-sabado","status":"publish","type":"post","link":"https:\/\/4cantosalagoas.com.br\/portal\/longa-metragem-cavalo-estreia-neste-sabado\/","title":{"rendered":"Longa-metragem \u201cCavalo\u201d estreia neste s\u00e1bado"},"content":{"rendered":"\n<figure class=\"wp-block-image\"><img fetchpriority=\"high\" decoding=\"async\" width=\"1024\" height=\"576\" src=\"https:\/\/i0.wp.com\/4cantosalagoas.com.br\/portal\/wp-content\/uploads\/2020\/01\/a15.jpg?fit=1024%2C576\" alt=\"\" class=\"wp-image-10200\" srcset=\"https:\/\/4cantosalagoas.com.br\/portal\/wp-content\/uploads\/2020\/01\/a15.jpg 1024w, https:\/\/4cantosalagoas.com.br\/portal\/wp-content\/uploads\/2020\/01\/a15-300x169.jpg 300w, https:\/\/4cantosalagoas.com.br\/portal\/wp-content\/uploads\/2020\/01\/a15-768x432.jpg 768w\" sizes=\"(max-width: 1024px) 100vw, 1024px\" \/><figcaption> <br>Longa foi contemplado pelo Pr\u00eamio Guilherme Rogato. Foto: Vanessa Mota <\/figcaption><\/figure>\n\n\n\n<p>O longa-metragem alagoano \u201cCavalo\u201d, dirigido e roteirizado por Rafhael Barbosa (O Que Lembro, Tenho) e Werner Salles Bagetti (Exu \u2013 Al\u00e9m do Bem e do Mal), ter\u00e1 sua primeira exibi\u00e7\u00e3o neste s\u00e1bado (01), na 23\u00aa Mostra de Cinema de Tiradentes, uma das mais tradicionais do Brasil. O filme participar\u00e1 da Mostra Tem\u00e1tica, com produ\u00e7\u00f5es f\u00edlmicas relacionadas ao tema central do evento neste ano: \u201cA imagina\u00e7\u00e3o como pot\u00eancia\u201d.<\/p>\n\n\n\n<p>Contemplado pelo Pr\u00eamio Guilherme Rogato em 2015, um projeto da Prefeitura de Macei\u00f3, por meio da Funda\u00e7\u00e3o Municipal de A\u00e7\u00e3o Cultural (FMAC), o longa utiliza uma linguagem h\u00edbrida, que flutua entre document\u00e1rio, fic\u00e7\u00e3o e experimenta\u00e7\u00e3o, para falar sobre a mem\u00f3ria da ancestralidade no corpo. \u201cDesde \u2018Exu\u2019 (2012) temos desenvolvido um projeto art\u00edstico que se relaciona com os arqu\u00e9tipos dos orix\u00e1s e das entidades. Uma pesquisa de oito anos que influenciou na concep\u00e7\u00e3o do nosso primeiro longa\u201d, explica Barbosa.<\/p>\n\n\n\n<p>E completa: \u201ctamb\u00e9m est\u00e1vamos estudando a hist\u00f3ria do Quilombo dos Palmares, uma das maiores narrativas de resist\u00eancia do mundo, quando entendemos que seria instigante investigar os ecos desse passado no contempor\u00e2neo. A ancestralidade foi o caminho encontrado para expressar essa busca\u201d.&nbsp; \u201cCavalo\u201d conta a hist\u00f3ria de sete jovens dan\u00e7arinos que, envolvidos num processo de cria\u00e7\u00e3o art\u00edstica, s\u00e3o provocados a um mergulho na sua ancestralidade.<\/p>\n\n\n\n<p>Bagetti explica: \u201cescolhemos o corpo como o signo mais proeminente do filme. Nossos personagens s\u00e3o sete jovens artistas, rappers, Bboys e Bgirls, dan\u00e7arinos e dan\u00e7arinos de diferentes g\u00eaneros. E alguns deles s\u00e3o cavalos (como s\u00e3o chamados os m\u00e9diuns na Umbanda e o Candombl\u00e9), condi\u00e7\u00e3o que potencializa a capacidade de express\u00e3o corporal\u201d. Vin\u00edcius Palmeira, presidente da Funda\u00e7\u00e3o, relembra que uma s\u00e9rie de projetos se tornaram realidade \u201cpor meio da Lei Municipal de Incentivo \u00e0 Cultura, incluindo \u2018Cavalo\u2019, o primeiro longa-metragem produzido em Macei\u00f3 com patroc\u00ednio do Poder P\u00fablico. A pol\u00edtica de editais \u00e9 uma constante na FMAC\u201d.<\/p>\n\n\n\n<p>Apesar da linguagem ousada, o longa-metragem tem por objetivo alcan\u00e7ar uma trajet\u00f3ria popular. Nas palavras de Barbosa, \u201co filme n\u00e3o tem uma narrativa cl\u00e1ssica\u201d. E fala mais: \u201cseguimos o caminho do cinema de poesia, mas sempre com uma vontade de se conectar com o p\u00fablico por meio da sensibilidade. Num momento em que a intoler\u00e2ncia religiosa e os diversos preconceitos avan\u00e7am de maneira preocupante no pa\u00eds, \u201cCavalo\u201d \u00e9 um grito po\u00e9tico que deve reverberar\u201d.<\/p>\n\n\n\n<p><strong>A 23\u00aa Mostra de Cinema de Tiradentes<\/strong><\/p>\n\n\n\n<p>\u00c9 o maior evento do cinema brasileiro contempor\u00e2neo em forma\u00e7\u00e3o, reflex\u00e3o, exibi\u00e7\u00e3o e difus\u00e3o, que chega \u00e0 sua 23\u00aa edi\u00e7\u00e3o de 24 de janeiro a 1\u00ba de fevereiro de 2020 apresentando a diversidade cultural brasileira. Tem uma rica trajet\u00f3ria que ocupa lugar de destaque no centro da hist\u00f3ria do audiovisual e no circuito de mostras e festivais realizados no Brasil.<\/p>\n\n\n\n<p>O evento, que exibir\u00e1 mais de 100 filmes brasileiros em pr\u00e9-estreias nacionais, presta homenagens a personalidades do audiovisual, promove oficinas, semin\u00e1rio, debates, realiza a s\u00e9rie Encontros com os Filmes, Mostrinha de Cinema e atra\u00e7\u00f5es art\u00edsticas que beneficia um p\u00fablico estimado em mais de 35 mil pessoas. Toda a programa\u00e7\u00e3o \u00e9 oferecida de forma gratuita ao p\u00fablico.<\/p>\n\n\n\n<p>Mateus Magalh\u00e3es \/ Ascom FMAC<\/p>\n","protected":false},"excerpt":{"rendered":"<p>O longa-metragem alagoano \u201cCavalo\u201d, dirigido e roteirizado por Rafhael Barbosa (O Que Lembro, Tenho) e Werner Salles<\/p>\n","protected":false},"author":1,"featured_media":10200,"comment_status":"open","ping_status":"open","sticky":false,"template":"","format":"standard","meta":{"footnotes":""},"categories":[5],"tags":[],"class_list":["post-10199","post","type-post","status-publish","format-standard","has-post-thumbnail","hentry","category-maceio"],"_links":{"self":[{"href":"https:\/\/4cantosalagoas.com.br\/portal\/wp-json\/wp\/v2\/posts\/10199","targetHints":{"allow":["GET"]}}],"collection":[{"href":"https:\/\/4cantosalagoas.com.br\/portal\/wp-json\/wp\/v2\/posts"}],"about":[{"href":"https:\/\/4cantosalagoas.com.br\/portal\/wp-json\/wp\/v2\/types\/post"}],"author":[{"embeddable":true,"href":"https:\/\/4cantosalagoas.com.br\/portal\/wp-json\/wp\/v2\/users\/1"}],"replies":[{"embeddable":true,"href":"https:\/\/4cantosalagoas.com.br\/portal\/wp-json\/wp\/v2\/comments?post=10199"}],"version-history":[{"count":1,"href":"https:\/\/4cantosalagoas.com.br\/portal\/wp-json\/wp\/v2\/posts\/10199\/revisions"}],"predecessor-version":[{"id":10201,"href":"https:\/\/4cantosalagoas.com.br\/portal\/wp-json\/wp\/v2\/posts\/10199\/revisions\/10201"}],"wp:featuredmedia":[{"embeddable":true,"href":"https:\/\/4cantosalagoas.com.br\/portal\/wp-json\/wp\/v2\/media\/10200"}],"wp:attachment":[{"href":"https:\/\/4cantosalagoas.com.br\/portal\/wp-json\/wp\/v2\/media?parent=10199"}],"wp:term":[{"taxonomy":"category","embeddable":true,"href":"https:\/\/4cantosalagoas.com.br\/portal\/wp-json\/wp\/v2\/categories?post=10199"},{"taxonomy":"post_tag","embeddable":true,"href":"https:\/\/4cantosalagoas.com.br\/portal\/wp-json\/wp\/v2\/tags?post=10199"}],"curies":[{"name":"wp","href":"https:\/\/api.w.org\/{rel}","templated":true}]}}