{"id":10035,"date":"2020-01-16T09:18:32","date_gmt":"2020-01-16T12:18:32","guid":{"rendered":"http:\/\/4cantosalagoas.com.br\/portal\/?p=10035"},"modified":"2020-01-16T09:18:43","modified_gmt":"2020-01-16T12:18:43","slug":"porteiro-de-condominio-e-preso-acusado-de-crime-de-homicidio","status":"publish","type":"post","link":"https:\/\/4cantosalagoas.com.br\/portal\/porteiro-de-condominio-e-preso-acusado-de-crime-de-homicidio\/","title":{"rendered":"Porteiro de condom\u00ednio \u00e9 preso acusado de crime de homic\u00eddio"},"content":{"rendered":"\n<figure class=\"wp-block-image\"><img fetchpriority=\"high\" decoding=\"async\" width=\"445\" height=\"417\" src=\"http:\/\/4cantosalagoas.com.br\/portal\/wp-content\/uploads\/2019\/02\/pcd.jpg\" alt=\"\" class=\"wp-image-6501\" srcset=\"https:\/\/4cantosalagoas.com.br\/portal\/wp-content\/uploads\/2019\/02\/pcd.jpg 445w, https:\/\/4cantosalagoas.com.br\/portal\/wp-content\/uploads\/2019\/02\/pcd-300x281.jpg 300w, https:\/\/4cantosalagoas.com.br\/portal\/wp-content\/uploads\/2019\/02\/pcd-375x351.jpg 375w\" sizes=\"(max-width: 445px) 100vw, 445px\" \/><figcaption>Assessoria<\/figcaption><\/figure>\n\n\n\n<p>Policiais civis da Ger\u00eancia de Recursos Especiais (GRE\/DEIC), sob o comando do delegado F\u00e1bio Costa, prenderam na manh\u00e3 desta quinta-feira (16), um homem de 40 anos de idade. Eles deram cumprimento a mandado expedido pelo Ju\u00edzo de Direito da Vara de \u00danico Of\u00edcio de Passo de Camaragibe.<\/p>\n\n\n\n<p>O homem foi preso no bairro do Antares quando trabalhava como porteiro em um condom\u00ednio. Ele \u00e9 suspeito do crime de homic\u00eddio ocorrido no ano de 2012, no munic\u00edpio de S\u00e3o Miguel dos Milagres. O crime teria sido motivado por um acerto de contas e teve a participa\u00e7\u00e3o de outras duas pessoas.<\/p>\n\n\n\n<p>Ap\u00f3s o cumprimento da pris\u00e3o, o acusado foi levado \u00e0 base da DEIC para que fosse realizado o devido procedimento legal, sendo depois encaminhado ao sistema prisional, onde ficar\u00e1 \u00e0 disposi\u00e7\u00e3o da Justi\u00e7a.<\/p>\n\n\n\n<p>Assessoria<\/p>\n","protected":false},"excerpt":{"rendered":"<p>Policiais civis da Ger\u00eancia de Recursos Especiais (GRE\/DEIC), sob o comando do delegado F\u00e1bio Costa, prenderam na<\/p>\n","protected":false},"author":1,"featured_media":6501,"comment_status":"open","ping_status":"open","sticky":false,"template":"","format":"standard","meta":{"footnotes":""},"categories":[60],"tags":[],"class_list":["post-10035","post","type-post","status-publish","format-standard","has-post-thumbnail","hentry","category-capa"],"_links":{"self":[{"href":"https:\/\/4cantosalagoas.com.br\/portal\/wp-json\/wp\/v2\/posts\/10035","targetHints":{"allow":["GET"]}}],"collection":[{"href":"https:\/\/4cantosalagoas.com.br\/portal\/wp-json\/wp\/v2\/posts"}],"about":[{"href":"https:\/\/4cantosalagoas.com.br\/portal\/wp-json\/wp\/v2\/types\/post"}],"author":[{"embeddable":true,"href":"https:\/\/4cantosalagoas.com.br\/portal\/wp-json\/wp\/v2\/users\/1"}],"replies":[{"embeddable":true,"href":"https:\/\/4cantosalagoas.com.br\/portal\/wp-json\/wp\/v2\/comments?post=10035"}],"version-history":[{"count":1,"href":"https:\/\/4cantosalagoas.com.br\/portal\/wp-json\/wp\/v2\/posts\/10035\/revisions"}],"predecessor-version":[{"id":10036,"href":"https:\/\/4cantosalagoas.com.br\/portal\/wp-json\/wp\/v2\/posts\/10035\/revisions\/10036"}],"wp:featuredmedia":[{"embeddable":true,"href":"https:\/\/4cantosalagoas.com.br\/portal\/wp-json\/wp\/v2\/media\/6501"}],"wp:attachment":[{"href":"https:\/\/4cantosalagoas.com.br\/portal\/wp-json\/wp\/v2\/media?parent=10035"}],"wp:term":[{"taxonomy":"category","embeddable":true,"href":"https:\/\/4cantosalagoas.com.br\/portal\/wp-json\/wp\/v2\/categories?post=10035"},{"taxonomy":"post_tag","embeddable":true,"href":"https:\/\/4cantosalagoas.com.br\/portal\/wp-json\/wp\/v2\/tags?post=10035"}],"curies":[{"name":"wp","href":"https:\/\/api.w.org\/{rel}","templated":true}]}}