{"id":10032,"date":"2020-01-16T09:13:16","date_gmt":"2020-01-16T12:13:16","guid":{"rendered":"http:\/\/4cantosalagoas.com.br\/portal\/?p=10032"},"modified":"2020-01-16T09:13:27","modified_gmt":"2020-01-16T12:13:27","slug":"homem-esfaqueia-mao-de-vitima-por-conta-de-um-cafe-em-penedo","status":"publish","type":"post","link":"https:\/\/4cantosalagoas.com.br\/portal\/homem-esfaqueia-mao-de-vitima-por-conta-de-um-cafe-em-penedo\/","title":{"rendered":"Homem esfaqueia m\u00e3o de v\u00edtima por conta de um caf\u00e9 em Penedo"},"content":{"rendered":"\n<figure class=\"wp-block-image\"><img fetchpriority=\"high\" decoding=\"async\" width=\"569\" height=\"388\" src=\"http:\/\/4cantosalagoas.com.br\/portal\/wp-content\/uploads\/2020\/01\/abra54.jpg\" alt=\"\" class=\"wp-image-10033\" srcset=\"https:\/\/4cantosalagoas.com.br\/portal\/wp-content\/uploads\/2020\/01\/abra54.jpg 569w, https:\/\/4cantosalagoas.com.br\/portal\/wp-content\/uploads\/2020\/01\/abra54-300x205.jpg 300w\" sizes=\"(max-width: 569px) 100vw, 569px\" \/><figcaption> <br><strong>Sede da Delegacia Regional de Penedo<\/strong><br>Aqui Acontece <\/figcaption><\/figure>\n\n\n\n<p>Uma pessoa teve a m\u00e3o esfaqueada por um homem, nesta quarta-feira (15), na cidade de Penedo, regi\u00e3o do Baixo S\u00e3o Francisco. O homem, identificado como Jos\u00e9 Luciano dos Santos, de 27 anos, disse que a esfaqueou por conta de um caf\u00e9.<\/p>\n\n\n\n<p>De acordo com as informa\u00e7\u00f5es do 11<sup>o<\/sup>BPM, uma guarni\u00e7\u00e3o da For\u00e7a Tarefa estava em rondas quando avistou uma v\u00edtima sendo socorrida por ter siso atingida em sua m\u00e3o direita com uma facada. O caso aconteceu na Rua Imbira, em frente a Barbearia Deus \u00e9 Amor.<\/p>\n\n\n\n<p>Os policias foram at\u00e9 a Barbearia e encontraram a m\u00e3e do autor, que informou aos policias que seu filho faz uso de medicamentos controlados. A guarni\u00e7\u00e3o se deslocou a casa do suspeito que confessou o crime.<\/p>\n\n\n\n<p>De acordo com o homem, ele esfaqueou a v\u00edtima por conta de um caf\u00e9. Jos\u00e9 Luciano foi conduzido para a Delegacia de Pol\u00edcia para a realiza\u00e7\u00e3o dos procedimentos cab\u00edveis.<\/p>\n\n\n\n<p>Fonte:  7segundos <\/p>\n","protected":false},"excerpt":{"rendered":"<p>Uma pessoa teve a m\u00e3o esfaqueada por um homem, nesta quarta-feira (15), na cidade de Penedo, regi\u00e3o<\/p>\n","protected":false},"author":1,"featured_media":10033,"comment_status":"open","ping_status":"open","sticky":false,"template":"","format":"standard","meta":{"footnotes":""},"categories":[60],"tags":[],"class_list":["post-10032","post","type-post","status-publish","format-standard","has-post-thumbnail","hentry","category-capa"],"_links":{"self":[{"href":"https:\/\/4cantosalagoas.com.br\/portal\/wp-json\/wp\/v2\/posts\/10032","targetHints":{"allow":["GET"]}}],"collection":[{"href":"https:\/\/4cantosalagoas.com.br\/portal\/wp-json\/wp\/v2\/posts"}],"about":[{"href":"https:\/\/4cantosalagoas.com.br\/portal\/wp-json\/wp\/v2\/types\/post"}],"author":[{"embeddable":true,"href":"https:\/\/4cantosalagoas.com.br\/portal\/wp-json\/wp\/v2\/users\/1"}],"replies":[{"embeddable":true,"href":"https:\/\/4cantosalagoas.com.br\/portal\/wp-json\/wp\/v2\/comments?post=10032"}],"version-history":[{"count":1,"href":"https:\/\/4cantosalagoas.com.br\/portal\/wp-json\/wp\/v2\/posts\/10032\/revisions"}],"predecessor-version":[{"id":10034,"href":"https:\/\/4cantosalagoas.com.br\/portal\/wp-json\/wp\/v2\/posts\/10032\/revisions\/10034"}],"wp:featuredmedia":[{"embeddable":true,"href":"https:\/\/4cantosalagoas.com.br\/portal\/wp-json\/wp\/v2\/media\/10033"}],"wp:attachment":[{"href":"https:\/\/4cantosalagoas.com.br\/portal\/wp-json\/wp\/v2\/media?parent=10032"}],"wp:term":[{"taxonomy":"category","embeddable":true,"href":"https:\/\/4cantosalagoas.com.br\/portal\/wp-json\/wp\/v2\/categories?post=10032"},{"taxonomy":"post_tag","embeddable":true,"href":"https:\/\/4cantosalagoas.com.br\/portal\/wp-json\/wp\/v2\/tags?post=10032"}],"curies":[{"name":"wp","href":"https:\/\/api.w.org\/{rel}","templated":true}]}}