{"id":10028,"date":"2020-01-16T08:58:41","date_gmt":"2020-01-16T11:58:41","guid":{"rendered":"http:\/\/4cantosalagoas.com.br\/portal\/?p=10028"},"modified":"2020-01-16T09:00:39","modified_gmt":"2020-01-16T12:00:39","slug":"policia-investiga-ligacao-entre-homicidios-em-sao-miguel-dos-campos","status":"publish","type":"post","link":"https:\/\/4cantosalagoas.com.br\/portal\/policia-investiga-ligacao-entre-homicidios-em-sao-miguel-dos-campos\/","title":{"rendered":"Pol\u00edcia investiga liga\u00e7\u00e3o entre homic\u00eddios em S\u00e3o Miguel dos Campos"},"content":{"rendered":"\n<figure class=\"wp-block-image\"><img fetchpriority=\"high\" decoding=\"async\" width=\"800\" height=\"600\" src=\"http:\/\/4cantosalagoas.com.br\/portal\/wp-content\/uploads\/2020\/01\/ar45.jpg\" alt=\"\" class=\"wp-image-10029\" srcset=\"https:\/\/4cantosalagoas.com.br\/portal\/wp-content\/uploads\/2020\/01\/ar45.jpg 800w, https:\/\/4cantosalagoas.com.br\/portal\/wp-content\/uploads\/2020\/01\/ar45-300x225.jpg 300w, https:\/\/4cantosalagoas.com.br\/portal\/wp-content\/uploads\/2020\/01\/ar45-768x576.jpg 768w\" sizes=\"(max-width: 800px) 100vw, 800px\" \/><figcaption>  <br>Imagens por&nbsp;AlagoasWeb\/Redes sociais. <br> <br><br><\/figcaption><\/figure>\n\n\n\n<p> O delegado Jo\u00e3o Marcello, titular da 6\u00aa Delegacia Regional da Pol\u00edcia Civil de S\u00e3o Miguel dos Campos, <strong> <\/strong>nesta quarta-feira (15), sobre os dois homic\u00eddios ocorrido na cidade no \u00faltimo domingo (12) e segunda-feira, dia 13.<\/p>\n\n\n\n<p>De acordo com o delegado, testemunhas das mortes e familiares das v\u00edtimas j\u00e1 foram ouvidas e as investiga\u00e7\u00f5es est\u00e3o em andamento.<\/p>\n\n\n\n<p>Apesar de n\u00e3o haver liga\u00e7\u00e3o aparente entre as v\u00edtimas, Marcello n\u00e3o descarta que as mortes tenham alguma correla\u00e7\u00e3o, j\u00e1 que em ambos os casos, os jovens eram usu\u00e1rios de drogas e os homic\u00eddios podem ter liga\u00e7\u00e3o o tr\u00e1fico.<\/p>\n\n\n\n<p>\u201cNo entanto, s\u00f3 ap\u00f3s as investiga\u00e7\u00f5es poderemos confirmar as reais motiva\u00e7\u00f5es para ambos os crimes\u201d, esclareceu o delegado, lembrando que a popula\u00e7\u00e3o pode contribuir com o trabalho da pol\u00edcia, \u201cse algu\u00e9m tem informa\u00e7\u00f5es que podem contribuir com a elucida\u00e7\u00e3o dos homic\u00eddios, denuncie, ligue para o Disk Denuncia 181\u201d, concluiu.<\/p>\n\n\n\n<p>O denunciante n\u00e3o precisa se identificar. <\/p>\n\n\n\n<p>Fonte: Alagoasweb<\/p>\n","protected":false},"excerpt":{"rendered":"<p>O delegado Jo\u00e3o Marcello, titular da 6\u00aa Delegacia Regional da Pol\u00edcia Civil de S\u00e3o Miguel dos Campos,<\/p>\n","protected":false},"author":1,"featured_media":10029,"comment_status":"open","ping_status":"open","sticky":false,"template":"","format":"standard","meta":{"footnotes":""},"categories":[60],"tags":[],"class_list":["post-10028","post","type-post","status-publish","format-standard","has-post-thumbnail","hentry","category-capa"],"_links":{"self":[{"href":"https:\/\/4cantosalagoas.com.br\/portal\/wp-json\/wp\/v2\/posts\/10028","targetHints":{"allow":["GET"]}}],"collection":[{"href":"https:\/\/4cantosalagoas.com.br\/portal\/wp-json\/wp\/v2\/posts"}],"about":[{"href":"https:\/\/4cantosalagoas.com.br\/portal\/wp-json\/wp\/v2\/types\/post"}],"author":[{"embeddable":true,"href":"https:\/\/4cantosalagoas.com.br\/portal\/wp-json\/wp\/v2\/users\/1"}],"replies":[{"embeddable":true,"href":"https:\/\/4cantosalagoas.com.br\/portal\/wp-json\/wp\/v2\/comments?post=10028"}],"version-history":[{"count":2,"href":"https:\/\/4cantosalagoas.com.br\/portal\/wp-json\/wp\/v2\/posts\/10028\/revisions"}],"predecessor-version":[{"id":10031,"href":"https:\/\/4cantosalagoas.com.br\/portal\/wp-json\/wp\/v2\/posts\/10028\/revisions\/10031"}],"wp:featuredmedia":[{"embeddable":true,"href":"https:\/\/4cantosalagoas.com.br\/portal\/wp-json\/wp\/v2\/media\/10029"}],"wp:attachment":[{"href":"https:\/\/4cantosalagoas.com.br\/portal\/wp-json\/wp\/v2\/media?parent=10028"}],"wp:term":[{"taxonomy":"category","embeddable":true,"href":"https:\/\/4cantosalagoas.com.br\/portal\/wp-json\/wp\/v2\/categories?post=10028"},{"taxonomy":"post_tag","embeddable":true,"href":"https:\/\/4cantosalagoas.com.br\/portal\/wp-json\/wp\/v2\/tags?post=10028"}],"curies":[{"name":"wp","href":"https:\/\/api.w.org\/{rel}","templated":true}]}}