{"id":10022,"date":"2020-01-16T08:41:12","date_gmt":"2020-01-16T11:41:12","guid":{"rendered":"http:\/\/4cantosalagoas.com.br\/portal\/?p=10022"},"modified":"2020-01-16T08:41:17","modified_gmt":"2020-01-16T11:41:17","slug":"batucada-literaria-movimenta-jaragua-no-fim-de-semana","status":"publish","type":"post","link":"https:\/\/4cantosalagoas.com.br\/portal\/batucada-literaria-movimenta-jaragua-no-fim-de-semana\/","title":{"rendered":"Batucada Liter\u00e1ria movimenta Jaragu\u00e1 no fim de semana"},"content":{"rendered":"\n<figure class=\"wp-block-image\"><img fetchpriority=\"high\" decoding=\"async\" width=\"1024\" height=\"683\" src=\"https:\/\/i0.wp.com\/4cantosalagoas.com.br\/portal\/wp-content\/uploads\/2020\/01\/farz45.jpg?fit=1024%2C683\" alt=\"\" class=\"wp-image-10023\" srcset=\"https:\/\/4cantosalagoas.com.br\/portal\/wp-content\/uploads\/2020\/01\/farz45.jpg 1024w, https:\/\/4cantosalagoas.com.br\/portal\/wp-content\/uploads\/2020\/01\/farz45-300x200.jpg 300w, https:\/\/4cantosalagoas.com.br\/portal\/wp-content\/uploads\/2020\/01\/farz45-768x512.jpg 768w\" sizes=\"(max-width: 1024px) 100vw, 1024px\" \/><figcaption> <br>Nona Bienal do Livro aconteceu nas ruas do bairro de Jaragu\u00e1. Foto: Pei Fon\/ Secom Macei\u00f3 <\/figcaption><\/figure>\n\n\n\n<p>A partir desta sexta-feira (17), acontece na Rua S\u00e1 e Albuquerque a Batucada Liter\u00e1ria, evento realizado por meio de uma parceria entre a Funda\u00e7\u00e3o Municipal de A\u00e7\u00e3o Cultural (Fmac) e a Universidade Federal de Alagoas (Ufal), com o intuito de celebrar o \u00eaxito da nona Bienal do Livro de Alagoas e da edi\u00e7\u00e3o mais recente do Natal dos Folguedos, realizados na capital, no segundo semestre do ano passado.<\/p>\n\n\n\n<p>Na sexta (17), o evento ser\u00e1 iniciado, \u00e0s 19h,&nbsp;na Pra\u00e7a Dois Le\u00f5es, com a apresenta\u00e7\u00e3o da cantora Wilma Ara\u00fajo, que antecede a solenidade de abertura do evento, com a participa\u00e7\u00e3o da reitora da Ufal, Val\u00e9ria Correia, e do gestor da Fmac, Vinicius Palmeira.<\/p>\n\n\n\n<p>No s\u00e1bado (18), a programa\u00e7\u00e3o ser\u00e1 realizada, das 10h \u00e0s 22h, em diversos pontos da Rua S\u00e1 e Albuquerque.&nbsp;Segundo Vinicius Palmeira, o evento vai contribuir com o movimento de valoriza\u00e7\u00e3o do Jaragu\u00e1 por meio de atividades que devem atrair milhares de pessoas.<\/p>\n\n\n\n<p>\u201cEstamos colocando dois eventos de grande repercuss\u00e3o, isto \u00e9, a nona Bienal do Livro de Alagoas e a edi\u00e7\u00e3o mais recente do Natal dos Folguedos, em um \u00fanico espa\u00e7o. Tenho certeza que o resultado deste evento n\u00e3o ser\u00e1 diferente. E quem ganha \u00e9 o nosso povo e, sobretudo, o bairro do Jaragu\u00e1, que continuar\u00e1 movimentado at\u00e9 o Carnaval\u201d, destacou o presidente da Fmac.<\/p>\n\n\n\n<p>Confira&nbsp;<a href=\"http:\/\/www.maceio.al.gov.br\/wp-content\/uploads\/2020\/01\/pdf\/2020\/01\/BATUCADA-LITER%C3%81RIA-PROGRAMA%C3%87%C3%83O-COMPLETA-FMAC-E-UFAL.pdf\" target=\"_blank\" rel=\"noreferrer noopener\"><strong>aqui<\/strong><\/a>&nbsp;a programa\u00e7\u00e3o completa.<\/p>\n\n\n\n<p>Robson Muller\/ Ascom Fmac<\/p>\n","protected":false},"excerpt":{"rendered":"<p>A partir desta sexta-feira (17), acontece na Rua S\u00e1 e Albuquerque a Batucada Liter\u00e1ria, evento realizado por<\/p>\n","protected":false},"author":1,"featured_media":10023,"comment_status":"open","ping_status":"open","sticky":false,"template":"","format":"standard","meta":{"footnotes":""},"categories":[60],"tags":[],"class_list":["post-10022","post","type-post","status-publish","format-standard","has-post-thumbnail","hentry","category-capa"],"_links":{"self":[{"href":"https:\/\/4cantosalagoas.com.br\/portal\/wp-json\/wp\/v2\/posts\/10022","targetHints":{"allow":["GET"]}}],"collection":[{"href":"https:\/\/4cantosalagoas.com.br\/portal\/wp-json\/wp\/v2\/posts"}],"about":[{"href":"https:\/\/4cantosalagoas.com.br\/portal\/wp-json\/wp\/v2\/types\/post"}],"author":[{"embeddable":true,"href":"https:\/\/4cantosalagoas.com.br\/portal\/wp-json\/wp\/v2\/users\/1"}],"replies":[{"embeddable":true,"href":"https:\/\/4cantosalagoas.com.br\/portal\/wp-json\/wp\/v2\/comments?post=10022"}],"version-history":[{"count":1,"href":"https:\/\/4cantosalagoas.com.br\/portal\/wp-json\/wp\/v2\/posts\/10022\/revisions"}],"predecessor-version":[{"id":10024,"href":"https:\/\/4cantosalagoas.com.br\/portal\/wp-json\/wp\/v2\/posts\/10022\/revisions\/10024"}],"wp:featuredmedia":[{"embeddable":true,"href":"https:\/\/4cantosalagoas.com.br\/portal\/wp-json\/wp\/v2\/media\/10023"}],"wp:attachment":[{"href":"https:\/\/4cantosalagoas.com.br\/portal\/wp-json\/wp\/v2\/media?parent=10022"}],"wp:term":[{"taxonomy":"category","embeddable":true,"href":"https:\/\/4cantosalagoas.com.br\/portal\/wp-json\/wp\/v2\/categories?post=10022"},{"taxonomy":"post_tag","embeddable":true,"href":"https:\/\/4cantosalagoas.com.br\/portal\/wp-json\/wp\/v2\/tags?post=10022"}],"curies":[{"name":"wp","href":"https:\/\/api.w.org\/{rel}","templated":true}]}}