{"id":11671,"date":"2020-06-24T18:43:20","date_gmt":"2020-06-24T21:43:20","guid":{"rendered":"http:\/\/4cantosalagoas.com.br\/portal\/?p=11671"},"modified":"2020-06-24T18:43:25","modified_gmt":"2020-06-24T21:43:25","slug":"policia-civil-prende-foragido-envolvido-com-trafico-de-drogas-vinda-ate-do-paraguai","status":"publish","type":"post","link":"http:\/\/4cantosalagoas.com.br\/portal\/policia-civil-prende-foragido-envolvido-com-trafico-de-drogas-vinda-ate-do-paraguai\/","title":{"rendered":"Pol\u00edcia Civil prende foragido envolvido com tr\u00e1fico de drogas vinda at\u00e9 do Paraguai"},"content":{"rendered":"\n<figure class=\"wp-block-image\"><img fetchpriority=\"high\" decoding=\"async\" width=\"750\" height=\"500\" src=\"http:\/\/4cantosalagoas.com.br\/portal\/wp-content\/uploads\/2020\/06\/dgpc.jpg\" alt=\"\" class=\"wp-image-11672\" srcset=\"http:\/\/4cantosalagoas.com.br\/portal\/wp-content\/uploads\/2020\/06\/dgpc.jpg 750w, http:\/\/4cantosalagoas.com.br\/portal\/wp-content\/uploads\/2020\/06\/dgpc-300x200.jpg 300w\" sizes=\"(max-width: 750px) 100vw, 750px\" \/><figcaption>Assessoria<\/figcaption><\/figure>\n\n\n\n<p>Policiais civis do N\u00facleo de Intelig\u00eancia (NI) e da Se\u00e7\u00e3o de Capturas, da Divis\u00e3o Especial de Investiga\u00e7\u00e3o e Capturas (DEIC), da PCAL, efetuaram a pris\u00e3o de um homem de 32 anos, em cumprimento a mandado expedido pela 17\u00aa. Vara Criminal da Capital.&nbsp;<\/p>\n\n\n\n<p><br>A pris\u00e3o foi realizada no in\u00edcio da tarde dessa ter\u00e7a-feira (23), no bairro de Mangabeiras, em Macei\u00f3, numa oficina mec\u00e2nica onde ele trabalhava.<\/p>\n\n\n\n<p><br>O homem preso tinha mandado de pris\u00e3o preventiva expedido pela Justi\u00e7a alagoana por responder pelos crimes de tr\u00e1fico de drogas, associa\u00e7\u00e3o para o tr\u00e1fico e tamb\u00e9m por ser suspeito&nbsp;de integrar uma organiza\u00e7\u00e3o criminosa respons\u00e1vel pela distribui\u00e7\u00e3o de grandes quantidades de drogas em Alagoas.<\/p>\n\n\n\n<p><br>Ele era procurado desde o ano de 2015 quando, durante uma opera\u00e7\u00e3o integrada da Pol\u00edcia Civil alagoana, coordenada pela Delegacia de Repress\u00e3o ao Narcotr\u00e1fico, foram apreendidos 700 Kg de maconha, em Macei\u00f3, vindos do Paraguai.<\/p>\n\n\n\n<p>Assessoria<\/p>\n","protected":false},"excerpt":{"rendered":"<p>Policiais civis do N\u00facleo de Intelig\u00eancia (NI) e da Se\u00e7\u00e3o de Capturas, da Divis\u00e3o Especial de Investiga\u00e7\u00e3o<\/p>\n","protected":false},"author":1,"featured_media":11672,"comment_status":"open","ping_status":"open","sticky":false,"template":"","format":"standard","meta":{"footnotes":""},"categories":[60],"tags":[],"class_list":["post-11671","post","type-post","status-publish","format-standard","has-post-thumbnail","hentry","category-capa"],"_links":{"self":[{"href":"http:\/\/4cantosalagoas.com.br\/portal\/wp-json\/wp\/v2\/posts\/11671","targetHints":{"allow":["GET"]}}],"collection":[{"href":"http:\/\/4cantosalagoas.com.br\/portal\/wp-json\/wp\/v2\/posts"}],"about":[{"href":"http:\/\/4cantosalagoas.com.br\/portal\/wp-json\/wp\/v2\/types\/post"}],"author":[{"embeddable":true,"href":"http:\/\/4cantosalagoas.com.br\/portal\/wp-json\/wp\/v2\/users\/1"}],"replies":[{"embeddable":true,"href":"http:\/\/4cantosalagoas.com.br\/portal\/wp-json\/wp\/v2\/comments?post=11671"}],"version-history":[{"count":1,"href":"http:\/\/4cantosalagoas.com.br\/portal\/wp-json\/wp\/v2\/posts\/11671\/revisions"}],"predecessor-version":[{"id":11673,"href":"http:\/\/4cantosalagoas.com.br\/portal\/wp-json\/wp\/v2\/posts\/11671\/revisions\/11673"}],"wp:featuredmedia":[{"embeddable":true,"href":"http:\/\/4cantosalagoas.com.br\/portal\/wp-json\/wp\/v2\/media\/11672"}],"wp:attachment":[{"href":"http:\/\/4cantosalagoas.com.br\/portal\/wp-json\/wp\/v2\/media?parent=11671"}],"wp:term":[{"taxonomy":"category","embeddable":true,"href":"http:\/\/4cantosalagoas.com.br\/portal\/wp-json\/wp\/v2\/categories?post=11671"},{"taxonomy":"post_tag","embeddable":true,"href":"http:\/\/4cantosalagoas.com.br\/portal\/wp-json\/wp\/v2\/tags?post=11671"}],"curies":[{"name":"wp","href":"https:\/\/api.w.org\/{rel}","templated":true}]}}