{"id":11662,"date":"2020-06-23T14:01:34","date_gmt":"2020-06-23T17:01:34","guid":{"rendered":"http:\/\/4cantosalagoas.com.br\/portal\/?p=11662"},"modified":"2020-06-23T14:01:39","modified_gmt":"2020-06-23T17:01:39","slug":"governador-prorroga-decreto-com-medidas-de-combate-a-covid-19","status":"publish","type":"post","link":"http:\/\/4cantosalagoas.com.br\/portal\/governador-prorroga-decreto-com-medidas-de-combate-a-covid-19\/","title":{"rendered":"Governador prorroga decreto com medidas de combate \u00e0 Covid-19"},"content":{"rendered":"\n<figure class=\"wp-block-image\"><img fetchpriority=\"high\" decoding=\"async\" width=\"600\" height=\"400\" src=\"http:\/\/4cantosalagoas.com.br\/portal\/wp-content\/uploads\/2020\/06\/decr.jpg\" alt=\"\" class=\"wp-image-11663\" srcset=\"http:\/\/4cantosalagoas.com.br\/portal\/wp-content\/uploads\/2020\/06\/decr.jpg 600w, http:\/\/4cantosalagoas.com.br\/portal\/wp-content\/uploads\/2020\/06\/decr-300x200.jpg 300w\" sizes=\"(max-width: 600px) 100vw, 600px\" \/><figcaption>Assessoria<\/figcaption><\/figure>\n\n\n\n<p>Em entrevista coletiva na noite dessa segunda-feira (22), o governador Renan Filho anunciou a prorroga\u00e7\u00e3o das medidas de combate \u00e0 Covid-19 em Alagoas por meio do&nbsp;<a href=\"http:\/\/www.imprensaoficialal.com.br\/wp-content\/uploads\/2020\/06\/DOEAL-22_06_2020-SUPLEMENTO.pdf\">Decreto n\u00ba 70.145<\/a>, instituindo o plano de distanciamento social controlado no Estado, que passou a vigorar \u00e0 meia-noite desta ter\u00e7a-feira (23).&nbsp;<\/p>\n\n\n\n<p>\u201cN\u00f3s estamos prorrogando o atual decreto nos mesmos par\u00e2metros do dia 22 at\u00e9 o dia 30 de junho. Fazemos isso depois de um amplo di\u00e1logo com todos os segmentos da sociedade civil, setor produtivo, igrejas, o Minist\u00e9rio P\u00fablico, Assembleia Legislativa e com o Poder Judici\u00e1rio. Esse prazo ser\u00e1 necess\u00e1rio para finalizar a tend\u00eancia de queda dos casos de coronav\u00edrus em Alagoas e, com isso, a gente trabalhar para a partir do in\u00edcio do m\u00eas de julho, por meio de uma matriz de risco &#8211; que vai avaliar a mudan\u00e7a do sistema para o sistema de Distanciamento Social Controlado \u2013 e reiniciar algumas atividades que foram paralisadas por meio dos decretos at\u00e9 aqui\u201d, disse Renan Filho.<\/p>\n\n\n\n<p>O novo decreto traz no cap\u00edtulo V, artigo 12, as fases de Distanciamento Social Controlado. Ser\u00e3o cinco fases classificadas pelas cores vermelha (fase atual), laranja, amarela, azul e verde, utilizando tr\u00eas eixos estrat\u00e9gicos, que servir\u00e3o como crit\u00e9rios de evolu\u00e7\u00e3o ou involu\u00e7\u00e3o paras as fases citadas.<\/p>\n\n\n\n<p>O primeiro eixo estrat\u00e9gico diz respeito \u00e0 Capacidade Hospitalar Instalada, ou seja, a ocupa\u00e7\u00e3o de leitos exclusivos para Covid-19, com tr\u00eas indicadores: taxa de ocupa\u00e7\u00e3o de leitos com respiradores, taxa de ocupa\u00e7\u00e3o de leitos geral e quantidade de leitos com respiradores por 100 mil habitantes.<\/p>\n\n\n\n<p>O segundo eixo estrat\u00e9gico trata da Evolu\u00e7\u00e3o Epidemiol\u00f3gica no estado, com dois indicadores: \u00f3bitos por semana epidemiol\u00f3gica (total de \u00f3bitos confirmados somados aos \u00f3bitos em investiga\u00e7\u00e3o por Covid-19 ocorridos naquela semana) e taxa de letalidade. Por \u00faltimo, o terceiro eixo estrat\u00e9gico trata da Evolu\u00e7\u00e3o da Covid-19 em Alagoas, cujo indicador ser\u00e1 a raz\u00e3o de casos ativos por casos recuperados.<\/p>\n\n\n\n<p>O Decreto traz ainda, em anexo, todos os setores que ter\u00e3o seu funcionamento autorizado em cada fase mencionada. Conforme consta no artigo 13, ser\u00e1 publicado no Di\u00e1rio Oficial desta sexta-feira (26) a matriz de risco que orientar\u00e1 a evolu\u00e7\u00e3o\/involu\u00e7\u00e3o de fases, seguindo medidas dispostas no atual decreto.<\/p>\n\n\n\n<p>\u201cNo Decreto de hoje n\u00f3s conclu\u00edmos um anexo que vai estabelecer como se dar\u00e1 o distanciamento social, a evolu\u00e7\u00e3o ou involu\u00e7\u00e3o das fases, baseada no crit\u00e9rio da matriz de risco, com tr\u00eas eixos estrat\u00e9gicos e seis indicadores aferidos. At\u00e9 o dia 26, vamos publicar a matriz de risco que vai definir a evolu\u00e7\u00e3o entre as fases. Espera-se que o final desse decreto, com a consolida\u00e7\u00e3o dos dados, possamos iniciar a evolu\u00e7\u00e3o de fases. Alagoas vai para o distanciamento social controlado se os indicadores, ao longo dessa semana, confirmarem a sua tend\u00eancia e o que \u00e9 o que esperamos que aconte\u00e7a\u201d, esclareceu o governador Renan Filho, afirmando o estado n\u00e3o pode correr riscos de involu\u00e7\u00e3o de fases.<\/p>\n\n\n\n<p>\u201cN\u00e3o compreendam esse decreto como um decreto de flexibiliza\u00e7\u00e3o. Continuamos pedindo a colabora\u00e7\u00e3o do cidad\u00e3o para que a gente construa condi\u00e7\u00f5es de maneira serena, respons\u00e1vel e gradativa para o retorno ao mais pr\u00f3ximo do poss\u00edvel do que pode ser a normalidade da nossa vida anterior \u00e0 pandemia. Para isso, a gente vai ter que redobrar os cuidados, porque a gente n\u00e3o pode correr riscos de involu\u00e7\u00e3o, ou seja, dar um passo adiante e depois devido ao aumento do n\u00famero de casos ou ocupa\u00e7\u00e3o de leitos, a gente precise involuir\u201d, concluiu.<\/p>\n\n\n\n<p>Assessoria<\/p>\n","protected":false},"excerpt":{"rendered":"<p>Em entrevista coletiva na noite dessa segunda-feira (22), o governador Renan Filho anunciou a prorroga\u00e7\u00e3o das medidas<\/p>\n","protected":false},"author":1,"featured_media":11663,"comment_status":"open","ping_status":"open","sticky":false,"template":"","format":"standard","meta":{"footnotes":""},"categories":[60],"tags":[],"class_list":["post-11662","post","type-post","status-publish","format-standard","has-post-thumbnail","hentry","category-capa"],"_links":{"self":[{"href":"http:\/\/4cantosalagoas.com.br\/portal\/wp-json\/wp\/v2\/posts\/11662","targetHints":{"allow":["GET"]}}],"collection":[{"href":"http:\/\/4cantosalagoas.com.br\/portal\/wp-json\/wp\/v2\/posts"}],"about":[{"href":"http:\/\/4cantosalagoas.com.br\/portal\/wp-json\/wp\/v2\/types\/post"}],"author":[{"embeddable":true,"href":"http:\/\/4cantosalagoas.com.br\/portal\/wp-json\/wp\/v2\/users\/1"}],"replies":[{"embeddable":true,"href":"http:\/\/4cantosalagoas.com.br\/portal\/wp-json\/wp\/v2\/comments?post=11662"}],"version-history":[{"count":1,"href":"http:\/\/4cantosalagoas.com.br\/portal\/wp-json\/wp\/v2\/posts\/11662\/revisions"}],"predecessor-version":[{"id":11664,"href":"http:\/\/4cantosalagoas.com.br\/portal\/wp-json\/wp\/v2\/posts\/11662\/revisions\/11664"}],"wp:featuredmedia":[{"embeddable":true,"href":"http:\/\/4cantosalagoas.com.br\/portal\/wp-json\/wp\/v2\/media\/11663"}],"wp:attachment":[{"href":"http:\/\/4cantosalagoas.com.br\/portal\/wp-json\/wp\/v2\/media?parent=11662"}],"wp:term":[{"taxonomy":"category","embeddable":true,"href":"http:\/\/4cantosalagoas.com.br\/portal\/wp-json\/wp\/v2\/categories?post=11662"},{"taxonomy":"post_tag","embeddable":true,"href":"http:\/\/4cantosalagoas.com.br\/portal\/wp-json\/wp\/v2\/tags?post=11662"}],"curies":[{"name":"wp","href":"https:\/\/api.w.org\/{rel}","templated":true}]}}